{"id":71189,"date":"2025-05-23T17:45:12","date_gmt":"2025-05-23T15:45:12","guid":{"rendered":"https:\/\/vdegallo.com\/6-decembre-2023-deces-dandre-buttex-77-ans-co-fondateur-de-vde-gallo\/"},"modified":"2025-05-23T17:49:36","modified_gmt":"2025-05-23T15:49:36","slug":"6-decembre-2023-deces-dandre-buttex-77-ans-co-fondateur-de-vde-gallo","status":"publish","type":"post","link":"https:\/\/vdegallo.com\/de\/6-decembre-2023-deces-dandre-buttex-77-ans-co-fondateur-de-vde-gallo\/","title":{"rendered":"6. Dezember 2023. Tod von Andr\u00e9 Buttex, 77, Mitbegr\u00fcnder von VDE-GALLO"},"content":{"rendered":"<p><img decoding=\"async\" class=\" wp-image-71176 alignleft\" src=\"https:\/\/vdegallo.com\/wp-content\/uploads\/2025\/05\/Materiel-Andrex600.jpg\" alt=\"\" width=\"793\" height=\"535\" srcset=\"https:\/\/vdegallo.com\/wp-content\/uploads\/2025\/05\/Materiel-Andrex600.jpg 600w, https:\/\/vdegallo.com\/wp-content\/uploads\/2025\/05\/Materiel-Andrex600-300x203.jpg 300w\" sizes=\"(max-width: 793px) 100vw, 793px\" \/><\/p>\n<p>Mit ihm hat alles angefangen. Seine Leidenschaft und seine F\u00e4higkeiten in den Bereichen Mechanik und Elektrizit\u00e4t, insbesondere im Dienste der Tonwiedergabe, f\u00fchrten dazu, dass er im Alter von 18 Jahren eine professionelle Ausr\u00fcstung (Aufnahmeger\u00e4t, Vorverst\u00e4rker und Verst\u00e4rker) baute und benutzte, die er f\u00fcr die Aufnahme einer ersten Schallplatte verwendete. Dann ging alles Schlag auf Schlag, mit der Gr\u00fcndung des Unternehmens und zahlreichen Realisierungen in den verschiedensten Musikstilen.<\/p>\n<p>Als Mitarbeiter bei Kudelski f\u00fcr Nagra-Aufnahmeger\u00e4te und als B\u00fchnenmeister im Palais de Beaulieu in Lausanne interessierte sich Andr\u00e9 st\u00e4ndig f\u00fcr Tonger\u00e4te, auch wenn er sich sp\u00e4ter beruflich auf die mechanische und elektronische Wartung von Flugzeugen verlegte, ein Bereich, in dem er sich ebenfalls ausgezeichnet hat. Da ihn diese zweite T\u00e4tigkeit f\u00fcr einige Jahre nach Afrika f\u00fchrte, verlie\u00df er das Unternehmen, doch sein urspr\u00fcnglicher Impuls blieb es stets verbunden.<\/p>\n","protected":false},"excerpt":{"rendered":"<p>Mit ihm hat alles angefangen. Seine Leidenschaft und seine F\u00e4higkeiten in den Bereichen Mechanik und Elektrizit\u00e4t, insbesondere im Dienste der Tonwiedergabe, f\u00fchrten dazu, dass er im Alter von 18 Jahren eine professionelle Ausr\u00fcstung (Aufnahmeger\u00e4t, Vorverst\u00e4rker und Verst\u00e4rker) baute und benutzte, die er f\u00fcr die Aufnahme einer ersten Schallplatte verwendete. Dann ging alles Schlag auf Schlag, [&hellip;]<\/p>\n","protected":false},"author":962,"featured_media":71183,"comment_status":"closed","ping_status":"closed","sticky":false,"template":"","format":"standard","meta":{"_acf_changed":false,"footnotes":""},"categories":[20036],"tags":[],"class_list":["post-71189","post","type-post","status-publish","format-standard","has-post-thumbnail","hentry","category-info-de"],"acf":[],"_links":{"self":[{"href":"https:\/\/vdegallo.com\/de\/wp-json\/wp\/v2\/posts\/71189","targetHints":{"allow":["GET"]}}],"collection":[{"href":"https:\/\/vdegallo.com\/de\/wp-json\/wp\/v2\/posts"}],"about":[{"href":"https:\/\/vdegallo.com\/de\/wp-json\/wp\/v2\/types\/post"}],"author":[{"embeddable":true,"href":"https:\/\/vdegallo.com\/de\/wp-json\/wp\/v2\/users\/962"}],"replies":[{"embeddable":true,"href":"https:\/\/vdegallo.com\/de\/wp-json\/wp\/v2\/comments?post=71189"}],"version-history":[{"count":1,"href":"https:\/\/vdegallo.com\/de\/wp-json\/wp\/v2\/posts\/71189\/revisions"}],"predecessor-version":[{"id":71190,"href":"https:\/\/vdegallo.com\/de\/wp-json\/wp\/v2\/posts\/71189\/revisions\/71190"}],"wp:featuredmedia":[{"embeddable":true,"href":"https:\/\/vdegallo.com\/de\/wp-json\/wp\/v2\/media\/71183"}],"wp:attachment":[{"href":"https:\/\/vdegallo.com\/de\/wp-json\/wp\/v2\/media?parent=71189"}],"wp:term":[{"taxonomy":"category","embeddable":true,"href":"https:\/\/vdegallo.com\/de\/wp-json\/wp\/v2\/categories?post=71189"},{"taxonomy":"post_tag","embeddable":true,"href":"https:\/\/vdegallo.com\/de\/wp-json\/wp\/v2\/tags?post=71189"}],"curies":[{"name":"wp","href":"https:\/\/api.w.org\/{rel}","templated":true}]}}